{"id":1172,"date":"2024-05-03T11:29:42","date_gmt":"2024-05-03T11:29:42","guid":{"rendered":"https:\/\/www.anudi.es\/?p=1172"},"modified":"2024-05-03T11:35:27","modified_gmt":"2024-05-03T11:35:27","slug":"iii-carrera-solidaria-ruta-091-para-anudi","status":"publish","type":"post","link":"https:\/\/www.anudi.es\/index.php\/2024\/05\/03\/iii-carrera-solidaria-ruta-091-para-anudi\/","title":{"rendered":"III Carrera Solidaria Ruta 091 para ANUDI"},"content":{"rendered":"\n<p>El pasado 2 de mayo tuvo lugar la presentaci\u00f3n de la III Carrera Solidaria Ruta 091 Teruel, en la sede de la Subdelegaci\u00f3n del Gobierno en Teruel. Al acto acudieron el sudelegado del Gobierno en Teruel, Enrique G\u00f3mez, el comisario provincial, Fernando Menc\u00eda, el director de zona del Banco Santander y Bego\u00f1a Cumplido y Laura Villalba como representantes de ANUDI.<\/p>\n\n\n\n<p>El comisario provincial, Fernando Menc\u00eda actu\u00f3 como anfitri\u00f3n y explic\u00f3 las motivaciones de este evento, cuyo lema es \u201cContra el acoso \u00a1denuncia!\u201d. Uno de los objetivos de este tipo de acciones es mostrar a la sociedad la faceta social de los cuerpos policiales, que cumplen funciones mucho m\u00e1s all\u00e1 de garantizar el cumplimiento de las normativas, como son la protecci\u00f3n, el socorro y la atenci\u00f3n a los ciudadanos.<\/p>\n\n\n\n<p>El pr\u00f3ximo domingo 23 de junio el Cuerpo Nacional de Polic\u00eda organiza su tercera edici\u00f3n de la carrera solidaria Ruta 091 de Teruel, en esta ocasi\u00f3n la destinataria de la recaudaci\u00f3n ser\u00e1 la asociaci\u00f3n Nuevo D\u00eda ANUDI.&nbsp;<\/p>\n\n\n\n<p>La Comisar\u00eda Provincial de Teruel, en especial la Unidad de Participaci\u00f3n Ciudadana, con el apoyo de todos sus compa\u00f1eros, es la encargada de la organizaci\u00f3n de este evento, que espera reunir a unas 800 personas, y en el que est\u00e1 invirtiendo muchas horas de trabajo e ilusi\u00f3n.&nbsp;<\/p>\n\n\n\n<p>La carrera no tiene car\u00e1cter competitivo, tendr\u00e1 un recorrido de 5 kil\u00f3metros por las calles del centro de la ciudad, con salida y llegada frente a la piscina cubierta, y desde el 2 de mayo est\u00e1n abiertas las inscripciones en <a href=\"http:\/\/www.ruta091.es\">www.ruta091.es<\/a>&nbsp;<\/p>\n\n\n\n<p>En ese mismo enlace, para quien no pueda acudir a la carrera pero quiera colaborar, existe un Dorsal 0, con un precio de 10\u20ac que ser\u00e1n destinados \u00edntegramente a ANUDI.<\/p>\n\n\n\n<p>El Ayuntamiento de Teruel colabora en este acontecimiento deportivo y social, y son el Banco Santander y Mupol los principales patrocinadores, pero en esta edici\u00f3n se cuenta con la colaboraci\u00f3n de varias empresas de Teruel.<\/p>\n\n\n\n<p>La recaudaci\u00f3n de la carrera ser\u00e1 destinada \u00edntegramente a la subvenci\u00f3n de terapias de los usuarios de ANUDI, personas con discapacidad igual o superior al 33% que necesitan una serie de terapias, como logopedia, terapia ocupacional, fisioterapia, atenci\u00f3n psicol\u00f3gica o psicopedagog\u00eda, para mantener o mejorar su autonom\u00eda personal.<\/p>\n\n\n\n<p>El d\u00eda de la carrera habr\u00e1 un puesto de venta de camisetas de la carrera cuya recaudaci\u00f3n tambi\u00e9n se destinar\u00e1 a ANUDI y un puesto informativo donde quienes quieran colaborar con esta asociaci\u00f3n se podr\u00e1n hacer socios por 20\u20ac al a\u00f1o.<\/p>\n\n\n\n<p>La junta de ANUDI agradece enormemente esta aportaci\u00f3n tanto del Cuerpo Nacional de Polic\u00eda como de los turolenses que han colaborado y los que van a participar en este evento solidario.<\/p>\n\n\n\n<figure class=\"wp-block-image size-large\"><img fetchpriority=\"high\" decoding=\"async\" width=\"724\" height=\"1024\" src=\"https:\/\/www.anudi.es\/wp-content\/uploads\/2024\/05\/WhatsApp-Image-2024-05-03-at-13.27.56-724x1024.jpeg\" alt=\"\" class=\"wp-image-1176\" srcset=\"https:\/\/www.anudi.es\/wp-content\/uploads\/2024\/05\/WhatsApp-Image-2024-05-03-at-13.27.56-724x1024.jpeg 724w, https:\/\/www.anudi.es\/wp-content\/uploads\/2024\/05\/WhatsApp-Image-2024-05-03-at-13.27.56-212x300.jpeg 212w, https:\/\/www.anudi.es\/wp-content\/uploads\/2024\/05\/WhatsApp-Image-2024-05-03-at-13.27.56-768x1086.jpeg 768w, https:\/\/www.anudi.es\/wp-content\/uploads\/2024\/05\/WhatsApp-Image-2024-05-03-at-13.27.56.jpeg 1061w\" sizes=\"(max-width: 724px) 100vw, 724px\" \/><\/figure>\n\n\n\n<figure class=\"wp-block-image size-large\"><img decoding=\"async\" width=\"1024\" height=\"768\" src=\"https:\/\/www.anudi.es\/wp-content\/uploads\/2024\/05\/Presentacion-Carrera-CNP-1-1024x768.jpeg\" alt=\"\" class=\"wp-image-1179\" srcset=\"https:\/\/www.anudi.es\/wp-content\/uploads\/2024\/05\/Presentacion-Carrera-CNP-1-1024x768.jpeg 1024w, https:\/\/www.anudi.es\/wp-content\/uploads\/2024\/05\/Presentacion-Carrera-CNP-1-300x225.jpeg 300w, https:\/\/www.anudi.es\/wp-content\/uploads\/2024\/05\/Presentacion-Carrera-CNP-1-768x576.jpeg 768w, https:\/\/www.anudi.es\/wp-content\/uploads\/2024\/05\/Presentacion-Carrera-CNP-1-1536x1152.jpeg 1536w, https:\/\/www.anudi.es\/wp-content\/uploads\/2024\/05\/Presentacion-Carrera-CNP-1.jpeg 2048w\" sizes=\"(max-width: 1024px) 100vw, 1024px\" \/><\/figure>\n","protected":false},"excerpt":{"rendered":"<p>El pasado 2 de mayo tuvo lugar la presentaci\u00f3n de la III Carrera Solidaria Ruta 091 Teruel, en la sede de la Subdelegaci\u00f3n del Gobierno en Teruel. Al acto acudieron el sudelegado del Gobierno en Teruel, Enrique G\u00f3mez, el comisario provincial, Fernando Menc\u00eda, el director de zona del Banco Santander y Bego\u00f1a Cumplido y Laura [&hellip;]<\/p>\n","protected":false},"author":2,"featured_media":1173,"comment_status":"open","ping_status":"open","sticky":false,"template":"","format":"standard","meta":{"footnotes":""},"categories":[1],"tags":[],"class_list":["post-1172","post","type-post","status-publish","format-standard","has-post-thumbnail","hentry","category-actualidad"],"_links":{"self":[{"href":"https:\/\/www.anudi.es\/index.php\/wp-json\/wp\/v2\/posts\/1172","targetHints":{"allow":["GET"]}}],"collection":[{"href":"https:\/\/www.anudi.es\/index.php\/wp-json\/wp\/v2\/posts"}],"about":[{"href":"https:\/\/www.anudi.es\/index.php\/wp-json\/wp\/v2\/types\/post"}],"author":[{"embeddable":true,"href":"https:\/\/www.anudi.es\/index.php\/wp-json\/wp\/v2\/users\/2"}],"replies":[{"embeddable":true,"href":"https:\/\/www.anudi.es\/index.php\/wp-json\/wp\/v2\/comments?post=1172"}],"version-history":[{"count":3,"href":"https:\/\/www.anudi.es\/index.php\/wp-json\/wp\/v2\/posts\/1172\/revisions"}],"predecessor-version":[{"id":1180,"href":"https:\/\/www.anudi.es\/index.php\/wp-json\/wp\/v2\/posts\/1172\/revisions\/1180"}],"wp:featuredmedia":[{"embeddable":true,"href":"https:\/\/www.anudi.es\/index.php\/wp-json\/wp\/v2\/media\/1173"}],"wp:attachment":[{"href":"https:\/\/www.anudi.es\/index.php\/wp-json\/wp\/v2\/media?parent=1172"}],"wp:term":[{"taxonomy":"category","embeddable":true,"href":"https:\/\/www.anudi.es\/index.php\/wp-json\/wp\/v2\/categories?post=1172"},{"taxonomy":"post_tag","embeddable":true,"href":"https:\/\/www.anudi.es\/index.php\/wp-json\/wp\/v2\/tags?post=1172"}],"curies":[{"name":"wp","href":"https:\/\/api.w.org\/{rel}","templated":true}]}}