{"id":1235,"date":"2024-06-03T09:01:09","date_gmt":"2024-06-03T09:01:09","guid":{"rendered":"https:\/\/www.anudi.es\/?p=1235"},"modified":"2024-06-03T09:01:10","modified_gmt":"2024-06-03T09:01:10","slug":"jornada-de-campo-con-anudi","status":"publish","type":"post","link":"https:\/\/www.anudi.es\/index.php\/2024\/06\/03\/jornada-de-campo-con-anudi\/","title":{"rendered":"Jornada de campo con ANUDI"},"content":{"rendered":"\n<p>El domingo por la ma\u00f1ana varios usuarios de ANUDI participaron en una divertida ma\u00f1ana de campo, organizada por el Programa Experimental A Tu Ritmo de la sociedad municipal Urban.<\/p>\n\n\n\n<p>En esta jornada participaron casi cuarenta personas, entre usuarios de ANUDI, acompa\u00f1ados de familiares y amigos, as\u00ed como voluntarios de la asociaci\u00f3n y algunos integrantes del programa A Tu Ritmo, y cinco perros, que acompa\u00f1aron a los participantes en el camino.<\/p>\n\n\n\n<p>Todos juntos disfrutaron de una ma\u00f1ana de campo, con una temperatura perfecta y en una zona muy c\u00f3moda y accesible, sin salir de Teruel.<\/p>\n\n\n\n<p>El paseo comenz\u00f3 en el puente de hierro y desde el primer momento se pudo disfrutar de un ambiente genial entre todos los participantes.<\/p>\n\n\n\n<p>Una parada a media jornada para reponer fuerzas, en la que algunas familias aportaron almuerzo para todos (\u00a1y m\u00e1s!). Seguida de una serie de juegos en los que participaron la mayor\u00eda de asistentes y una carrera entre los m\u00e1s valientes, en la que estaba en juego la gorra de Pedro&#8230; finalmente gan\u00f3 a su contrincante y pudo seguir disfrut\u00e1ndola : )<\/p>\n\n\n\n<p>Desde ANUDI queremos agradecer a A Tu Ritmo su predisposici\u00f3n y el cari\u00f1o que pusieron en la jornada y, como siempre, a los voluntarios de ANUDI, que siempre est\u00e1n dispuestos a ayudar.<\/p>\n","protected":false},"excerpt":{"rendered":"<p>El domingo por la ma\u00f1ana varios usuarios de ANUDI participaron en una divertida ma\u00f1ana de campo, organizada por el Programa Experimental A Tu Ritmo de la sociedad municipal Urban. En esta jornada participaron casi cuarenta personas, entre usuarios de ANUDI, acompa\u00f1ados de familiares y amigos, as\u00ed como voluntarios de la asociaci\u00f3n y algunos integrantes del [&hellip;]<\/p>\n","protected":false},"author":2,"featured_media":1236,"comment_status":"open","ping_status":"open","sticky":false,"template":"","format":"standard","meta":{"footnotes":""},"categories":[1],"tags":[],"class_list":["post-1235","post","type-post","status-publish","format-standard","has-post-thumbnail","hentry","category-actualidad"],"_links":{"self":[{"href":"https:\/\/www.anudi.es\/index.php\/wp-json\/wp\/v2\/posts\/1235","targetHints":{"allow":["GET"]}}],"collection":[{"href":"https:\/\/www.anudi.es\/index.php\/wp-json\/wp\/v2\/posts"}],"about":[{"href":"https:\/\/www.anudi.es\/index.php\/wp-json\/wp\/v2\/types\/post"}],"author":[{"embeddable":true,"href":"https:\/\/www.anudi.es\/index.php\/wp-json\/wp\/v2\/users\/2"}],"replies":[{"embeddable":true,"href":"https:\/\/www.anudi.es\/index.php\/wp-json\/wp\/v2\/comments?post=1235"}],"version-history":[{"count":1,"href":"https:\/\/www.anudi.es\/index.php\/wp-json\/wp\/v2\/posts\/1235\/revisions"}],"predecessor-version":[{"id":1237,"href":"https:\/\/www.anudi.es\/index.php\/wp-json\/wp\/v2\/posts\/1235\/revisions\/1237"}],"wp:featuredmedia":[{"embeddable":true,"href":"https:\/\/www.anudi.es\/index.php\/wp-json\/wp\/v2\/media\/1236"}],"wp:attachment":[{"href":"https:\/\/www.anudi.es\/index.php\/wp-json\/wp\/v2\/media?parent=1235"}],"wp:term":[{"taxonomy":"category","embeddable":true,"href":"https:\/\/www.anudi.es\/index.php\/wp-json\/wp\/v2\/categories?post=1235"},{"taxonomy":"post_tag","embeddable":true,"href":"https:\/\/www.anudi.es\/index.php\/wp-json\/wp\/v2\/tags?post=1235"}],"curies":[{"name":"wp","href":"https:\/\/api.w.org\/{rel}","templated":true}]}}