{"id":1240,"date":"2024-06-18T09:41:52","date_gmt":"2024-06-18T09:41:52","guid":{"rendered":"https:\/\/www.anudi.es\/?p=1240"},"modified":"2024-06-18T09:41:56","modified_gmt":"2024-06-18T09:41:56","slug":"taller-de-autismo-para-voluntarios","status":"publish","type":"post","link":"https:\/\/www.anudi.es\/index.php\/2024\/06\/18\/taller-de-autismo-para-voluntarios\/","title":{"rendered":"Taller de autismo para voluntarios"},"content":{"rendered":"\n<p>El pasado mi\u00e9rcoles 12 de junio tuvo lugar un taller titulado \u201cIntroducci\u00f3n al Autismo\u201d dentro del ciclo de<br>talleres de formaci\u00f3n organizados por ANUDI para sus voluntarios.<\/p>\n\n\n\n<p><br>El taller fue impartido por Sonia Soriano, terapeuta ocupacional y gerente del centro<br>Neuroteruel, especializado en el trabajo con personas con discapacidad, y Ginesa L\u00f3pez,<br>profesora de psicolog\u00eda y magisterio en la Universidad de Zaragoza, Campus de Teruel, y<br>madre de un chico con Trastorno del Espectro Autista (TEA).<\/p>\n\n\n\n<p><br>Al taller acudieron una treintena de voluntarios, que se mostraron muy interesados y<br>encantados con las explicaciones te\u00f3ricas y muy pr\u00e1cticas de en qu\u00e9 consiste este<br>trastorno, de qu\u00e9 maneras puede afectar y c\u00f3mo relacionarse con una persona con TEA.<\/p>\n\n\n\n<p><br>Los voluntarios de ANUDI acuden a estos talleres de formaci\u00f3n por diferentes motivaciones,<br>como puedan ser ampliar sus conocimientos en los diferentes temas tratados por pura<br>curiosidad o para ir m\u00e1s seguros y poder ofrecer mejor su ayuda en cualquiera de las<br>actividades que organiza ANUDI con sus usuarios y, especialmente, en el Respiro Familiar<br>ANUDI, que se lleva a cabo en septiembre, al que acuden varios usuarios de ANUDI.<\/p>\n\n\n\n<p><br>La presidenta de ANUDI, Carmen Mar\u00eda Vicente, agradeci\u00f3 la asistencia a todos y record\u00f3 a<br>los voluntarios \u201cla importancia que tiene su aportaci\u00f3n, su apoyo, su tiempo y su esfuerzo,<br>sin ellos no podr\u00edamos llevar a cabo muchas de las actividades que hacemos,<br>especialmente el Respiro Familiar, que es muy apreciado por las familias y por los propios<br>usuarios\u201d.<\/p>\n\n\n\n<figure class=\"wp-block-gallery has-nested-images columns-default is-cropped wp-block-gallery-1 is-layout-flex wp-block-gallery-is-layout-flex\">\n<figure class=\"wp-block-image size-large\"><img fetchpriority=\"high\" decoding=\"async\" width=\"1024\" height=\"768\" data-id=\"1241\" src=\"https:\/\/www.anudi.es\/wp-content\/uploads\/2024\/06\/WhatsApp-Image-2024-06-18-at-11.40.07-1024x768.jpeg\" alt=\"\" class=\"wp-image-1241\" srcset=\"https:\/\/www.anudi.es\/wp-content\/uploads\/2024\/06\/WhatsApp-Image-2024-06-18-at-11.40.07-1024x768.jpeg 1024w, https:\/\/www.anudi.es\/wp-content\/uploads\/2024\/06\/WhatsApp-Image-2024-06-18-at-11.40.07-300x225.jpeg 300w, https:\/\/www.anudi.es\/wp-content\/uploads\/2024\/06\/WhatsApp-Image-2024-06-18-at-11.40.07-768x576.jpeg 768w, https:\/\/www.anudi.es\/wp-content\/uploads\/2024\/06\/WhatsApp-Image-2024-06-18-at-11.40.07-1536x1152.jpeg 1536w, https:\/\/www.anudi.es\/wp-content\/uploads\/2024\/06\/WhatsApp-Image-2024-06-18-at-11.40.07.jpeg 1600w\" sizes=\"(max-width: 1024px) 100vw, 1024px\" \/><\/figure>\n<\/figure>\n","protected":false},"excerpt":{"rendered":"<p>El pasado mi\u00e9rcoles 12 de junio tuvo lugar un taller titulado \u201cIntroducci\u00f3n al Autismo\u201d dentro del ciclo detalleres de formaci\u00f3n organizados por ANUDI para sus voluntarios. El taller fue impartido por Sonia Soriano, terapeuta ocupacional y gerente del centroNeuroteruel, especializado en el trabajo con personas con discapacidad, y Ginesa L\u00f3pez,profesora de psicolog\u00eda y magisterio en [&hellip;]<\/p>\n","protected":false},"author":2,"featured_media":1243,"comment_status":"open","ping_status":"open","sticky":false,"template":"","format":"standard","meta":{"footnotes":""},"categories":[1],"tags":[],"class_list":["post-1240","post","type-post","status-publish","format-standard","has-post-thumbnail","hentry","category-actualidad"],"_links":{"self":[{"href":"https:\/\/www.anudi.es\/index.php\/wp-json\/wp\/v2\/posts\/1240","targetHints":{"allow":["GET"]}}],"collection":[{"href":"https:\/\/www.anudi.es\/index.php\/wp-json\/wp\/v2\/posts"}],"about":[{"href":"https:\/\/www.anudi.es\/index.php\/wp-json\/wp\/v2\/types\/post"}],"author":[{"embeddable":true,"href":"https:\/\/www.anudi.es\/index.php\/wp-json\/wp\/v2\/users\/2"}],"replies":[{"embeddable":true,"href":"https:\/\/www.anudi.es\/index.php\/wp-json\/wp\/v2\/comments?post=1240"}],"version-history":[{"count":1,"href":"https:\/\/www.anudi.es\/index.php\/wp-json\/wp\/v2\/posts\/1240\/revisions"}],"predecessor-version":[{"id":1244,"href":"https:\/\/www.anudi.es\/index.php\/wp-json\/wp\/v2\/posts\/1240\/revisions\/1244"}],"wp:featuredmedia":[{"embeddable":true,"href":"https:\/\/www.anudi.es\/index.php\/wp-json\/wp\/v2\/media\/1243"}],"wp:attachment":[{"href":"https:\/\/www.anudi.es\/index.php\/wp-json\/wp\/v2\/media?parent=1240"}],"wp:term":[{"taxonomy":"category","embeddable":true,"href":"https:\/\/www.anudi.es\/index.php\/wp-json\/wp\/v2\/categories?post=1240"},{"taxonomy":"post_tag","embeddable":true,"href":"https:\/\/www.anudi.es\/index.php\/wp-json\/wp\/v2\/tags?post=1240"}],"curies":[{"name":"wp","href":"https:\/\/api.w.org\/{rel}","templated":true}]}}