{"id":1274,"date":"2024-07-16T11:38:49","date_gmt":"2024-07-16T11:38:49","guid":{"rendered":"https:\/\/www.anudi.es\/?p=1274"},"modified":"2024-07-16T11:38:49","modified_gmt":"2024-07-16T11:38:49","slug":"comparsa-de-gigantes-y-cabezudos-para-anudi","status":"publish","type":"post","link":"https:\/\/www.anudi.es\/index.php\/2024\/07\/16\/comparsa-de-gigantes-y-cabezudos-para-anudi\/","title":{"rendered":"Comparsa de Gigantes y Cabezudos para ANUDI"},"content":{"rendered":"\n<p>Un a\u00f1o m\u00e1s la Comparsa de Gigantes y Cabezudos de Teruel dedic\u00f3 una jornada a los ni\u00f1os y ni\u00f1as de ANUDI que se acercaron a su sede. <\/p>\n\n\n\n<p>Los espect\u00e1culos en los que suelen participar los Gigantes y Cabezudos suelen ser multitudinarios y con m\u00fasica y sonidos fuertes, algo que muchos de nuestros usuarios no pueden soportar y que les impide disfrutar de actividades como \u00e9sta.<\/p>\n\n\n\n<p>Pero la Comparsa de Gigantes y Cabezudos de Teruel, haciendo eco de su sensibilidad con las personas con discapacidad, incluye a nuestros usuarios en su agenda. El a\u00f1o pasado, durante la semana de Vaquillas dedicaron una actuaci\u00f3n sin m\u00fasica y en un ambiente cerrado y protegido a nuestros usuarios m\u00e1s fiesteros. Y este a\u00f1o, para hacer algo nuevo, les ha invitado a ver c\u00f3mo es un gigante o un cabezudo desde dentro, ense\u00f1\u00e1ndoles su funcionamiento y dej\u00e1ndoles toquetear y disfrutar de cerca.<\/p>\n\n\n\n<p>ANUDI agradece esta actividad encuadrada en la semana de Ferias, que ha permitido a nuestros usuarios acercarse a las fiestas.<\/p>\n\n\n\n<figure class=\"wp-block-image size-large\"><img fetchpriority=\"high\" decoding=\"async\" width=\"765\" height=\"1024\" src=\"https:\/\/www.anudi.es\/wp-content\/uploads\/2024\/07\/WhatsApp-Image-2024-07-16-at-12.15.45-4-765x1024.jpeg\" alt=\"\" class=\"wp-image-1276\" srcset=\"https:\/\/www.anudi.es\/wp-content\/uploads\/2024\/07\/WhatsApp-Image-2024-07-16-at-12.15.45-4-765x1024.jpeg 765w, https:\/\/www.anudi.es\/wp-content\/uploads\/2024\/07\/WhatsApp-Image-2024-07-16-at-12.15.45-4-224x300.jpeg 224w, https:\/\/www.anudi.es\/wp-content\/uploads\/2024\/07\/WhatsApp-Image-2024-07-16-at-12.15.45-4-768x1027.jpeg 768w, https:\/\/www.anudi.es\/wp-content\/uploads\/2024\/07\/WhatsApp-Image-2024-07-16-at-12.15.45-4-1148x1536.jpeg 1148w, https:\/\/www.anudi.es\/wp-content\/uploads\/2024\/07\/WhatsApp-Image-2024-07-16-at-12.15.45-4.jpeg 1196w\" sizes=\"(max-width: 765px) 100vw, 765px\" \/><\/figure>\n","protected":false},"excerpt":{"rendered":"<p>Un a\u00f1o m\u00e1s la Comparsa de Gigantes y Cabezudos de Teruel dedic\u00f3 una jornada a los ni\u00f1os y ni\u00f1as de ANUDI que se acercaron a su sede. Los espect\u00e1culos en los que suelen participar los Gigantes y Cabezudos suelen ser multitudinarios y con m\u00fasica y sonidos fuertes, algo que muchos de nuestros usuarios no pueden [&hellip;]<\/p>\n","protected":false},"author":2,"featured_media":1275,"comment_status":"open","ping_status":"open","sticky":false,"template":"","format":"standard","meta":{"footnotes":""},"categories":[1],"tags":[],"class_list":["post-1274","post","type-post","status-publish","format-standard","has-post-thumbnail","hentry","category-actualidad"],"_links":{"self":[{"href":"https:\/\/www.anudi.es\/index.php\/wp-json\/wp\/v2\/posts\/1274","targetHints":{"allow":["GET"]}}],"collection":[{"href":"https:\/\/www.anudi.es\/index.php\/wp-json\/wp\/v2\/posts"}],"about":[{"href":"https:\/\/www.anudi.es\/index.php\/wp-json\/wp\/v2\/types\/post"}],"author":[{"embeddable":true,"href":"https:\/\/www.anudi.es\/index.php\/wp-json\/wp\/v2\/users\/2"}],"replies":[{"embeddable":true,"href":"https:\/\/www.anudi.es\/index.php\/wp-json\/wp\/v2\/comments?post=1274"}],"version-history":[{"count":1,"href":"https:\/\/www.anudi.es\/index.php\/wp-json\/wp\/v2\/posts\/1274\/revisions"}],"predecessor-version":[{"id":1277,"href":"https:\/\/www.anudi.es\/index.php\/wp-json\/wp\/v2\/posts\/1274\/revisions\/1277"}],"wp:featuredmedia":[{"embeddable":true,"href":"https:\/\/www.anudi.es\/index.php\/wp-json\/wp\/v2\/media\/1275"}],"wp:attachment":[{"href":"https:\/\/www.anudi.es\/index.php\/wp-json\/wp\/v2\/media?parent=1274"}],"wp:term":[{"taxonomy":"category","embeddable":true,"href":"https:\/\/www.anudi.es\/index.php\/wp-json\/wp\/v2\/categories?post=1274"},{"taxonomy":"post_tag","embeddable":true,"href":"https:\/\/www.anudi.es\/index.php\/wp-json\/wp\/v2\/tags?post=1274"}],"curies":[{"name":"wp","href":"https:\/\/api.w.org\/{rel}","templated":true}]}}