{"id":1292,"date":"2024-09-24T07:42:16","date_gmt":"2024-09-24T07:42:16","guid":{"rendered":"https:\/\/www.anudi.es\/?p=1292"},"modified":"2024-09-24T07:42:17","modified_gmt":"2024-09-24T07:42:17","slug":"respiro-familiar-anudi-2024","status":"publish","type":"post","link":"https:\/\/www.anudi.es\/index.php\/2024\/09\/24\/respiro-familiar-anudi-2024\/","title":{"rendered":"Respiro Familiar ANUDI 2024"},"content":{"rendered":"\n<p>El pasado fin de semana se celebr\u00f3 el Respiro Familiar de ANUDI 2024, en la Colonia P\u00f3lster. Participaron casi 50 personas entre usuarios de ANUDI y monitores voluntarios.<\/p>\n\n\n\n<p>Esta edici\u00f3n ha estado marcada por el volumen de interesados en participar en esta actividad, muy valorada por los propios participantes y por sus familias, ya que es una oportunidad de pasar unos d\u00edas descansando unos de otros y desconectando de la rutina.<\/p>\n\n\n\n<p>El Respiro Familiar de ANUDI es posible gracias a la participaci\u00f3n de los voluntarios, que hacen una labor altruista de una enorme responsabilidad e intensidad, sin esperar nada a cambio. Los voluntarios participantes en el Respiro son, en muchas ocasiones, repetidores de a\u00f1os anteriores, pues, seg\u00fan sus propias palabras. \u201cEl Respiro es una experiencia \u00fanica que te llena de energ\u00eda, compartir el tiempo con estos chicos y chicas te hace ver la vida desde su perspectiva, y su perspectiva es la buena, es la que valora todas las cosas\u201d comenta una de las voluntarias.<\/p>\n\n\n\n<p>En este Respiro 2024 han participado 26 monitores y monitoras voluntarios, su funci\u00f3n en estos d\u00edas es la de convertirse en el hermano o hermana mayor del participante de ANUDI, que este a\u00f1o ha batido el r\u00e9cord con 21 usuarios. Los monitores pasan 48 horas al cuidado de una persona con discapacidad, en diferentes grados y con diferentes necesidades, pero al mismo tiempo comparte esta experiencia con el resto de participantes, siendo un campamento muy especial.<\/p>\n\n\n\n<p>El lugar elegido para el Respiro Familiar 2024 ha sido la Colonia P\u00f3lster, y no ha habido ninguna duda en esta elecci\u00f3n, por varios motivos, entre ellos su fant\u00e1stica ubicaci\u00f3n, las instalaciones nuevas y cuidadas y la facilidad que ofrece la Diputaci\u00f3n Provincial de Teruel para cualquier tr\u00e1mite relacionado con la reserva y las peticiones especiales, pero en gran medida por el enorme cari\u00f1o que sus trabajadoras mostraron el a\u00f1o pasado y que este a\u00f1o han vuelto a volcar en el grupo de ANUDI.<\/p>\n\n\n\n<p>Adem\u00e1s, este a\u00f1o ANUDI ha contado con una generosa aportaci\u00f3n de la Fundaci\u00f3n T\u00e9rvalis, que ha apoyado a las familias de los usuarios de ANUDI mediante una donaci\u00f3n que ha permitido abaratar el coste de esta actividad, asumiendo el coste del alojamiento de todos los participantes.<\/p>\n\n\n\n<p>El domingo por la tarde los participantes de ANUDI se bajaron del bus que les tra\u00eda del Respiro Familiar con unas enormes sonrisas, con un mont\u00f3n de experiencias en las mochilas y con muchas ganas de que llegue pronto el pr\u00f3ximo Respiro Familiar.<\/p>\n\n\n\n<p>La junta de ANUDI quiere aprovechar para hacer un agradecimiento p\u00fablico a todas las personas y entidades que han hecho posible esta actividad un a\u00f1o m\u00e1s, y que es tan valorada por las familias, pues les permite, entre otras cosas, poder dedicarse un tiempo a s\u00ed mismos y al resto de componentes de su c\u00edrculo, que muchas veces se queda en segundo plano por la demanda de las personas con discapacidad.<\/p>\n\n\n\n<p>Seg\u00fan palabras de diferentes miembros de la junta directiva de ANUDI: \u201cEsta actividad es posible en primer lugar gracias a los voluntarios, sin los cuales no ser\u00eda posible, queremos darles las gracias por cuidar de nuestros hijos con todo el cari\u00f1o y por invertir su tiempo y su energ\u00eda en ellos\u201d. \u201cQueremos agradecer tambi\u00e9n a la Fundaci\u00f3n T\u00e9rvalis su donaci\u00f3n de este a\u00f1o, gracias a ella las familias no han visto su econom\u00eda comprometida por una actividad l\u00fadica, cuando la mayor\u00eda de veces no podemos asumir otros gastos que no sean terapias\u201d. \u201cLa Colonia P\u00f3lster se ha convertido en el lugar oficial del Respiro, nos tratan de maravilla y est\u00e1 en un entorno privilegiado en nuestra provincia\u201d.&nbsp;<\/p>\n\n\n\n<figure class=\"wp-block-image size-large\"><img fetchpriority=\"high\" decoding=\"async\" width=\"1024\" height=\"768\" src=\"https:\/\/www.anudi.es\/wp-content\/uploads\/2024\/09\/Foto-1-1024x768.jpeg\" alt=\"\" class=\"wp-image-1294\" srcset=\"https:\/\/www.anudi.es\/wp-content\/uploads\/2024\/09\/Foto-1-1024x768.jpeg 1024w, https:\/\/www.anudi.es\/wp-content\/uploads\/2024\/09\/Foto-1-300x225.jpeg 300w, https:\/\/www.anudi.es\/wp-content\/uploads\/2024\/09\/Foto-1-768x576.jpeg 768w, https:\/\/www.anudi.es\/wp-content\/uploads\/2024\/09\/Foto-1-1536x1152.jpeg 1536w, https:\/\/www.anudi.es\/wp-content\/uploads\/2024\/09\/Foto-1.jpeg 1600w\" sizes=\"(max-width: 1024px) 100vw, 1024px\" \/><\/figure>\n","protected":false},"excerpt":{"rendered":"<p>El pasado fin de semana se celebr\u00f3 el Respiro Familiar de ANUDI 2024, en la Colonia P\u00f3lster. Participaron casi 50 personas entre usuarios de ANUDI y monitores voluntarios. Esta edici\u00f3n ha estado marcada por el volumen de interesados en participar en esta actividad, muy valorada por los propios participantes y por sus familias, ya que [&hellip;]<\/p>\n","protected":false},"author":2,"featured_media":1293,"comment_status":"open","ping_status":"open","sticky":false,"template":"","format":"standard","meta":{"footnotes":""},"categories":[1],"tags":[],"class_list":["post-1292","post","type-post","status-publish","format-standard","has-post-thumbnail","hentry","category-actualidad"],"_links":{"self":[{"href":"https:\/\/www.anudi.es\/index.php\/wp-json\/wp\/v2\/posts\/1292","targetHints":{"allow":["GET"]}}],"collection":[{"href":"https:\/\/www.anudi.es\/index.php\/wp-json\/wp\/v2\/posts"}],"about":[{"href":"https:\/\/www.anudi.es\/index.php\/wp-json\/wp\/v2\/types\/post"}],"author":[{"embeddable":true,"href":"https:\/\/www.anudi.es\/index.php\/wp-json\/wp\/v2\/users\/2"}],"replies":[{"embeddable":true,"href":"https:\/\/www.anudi.es\/index.php\/wp-json\/wp\/v2\/comments?post=1292"}],"version-history":[{"count":1,"href":"https:\/\/www.anudi.es\/index.php\/wp-json\/wp\/v2\/posts\/1292\/revisions"}],"predecessor-version":[{"id":1295,"href":"https:\/\/www.anudi.es\/index.php\/wp-json\/wp\/v2\/posts\/1292\/revisions\/1295"}],"wp:featuredmedia":[{"embeddable":true,"href":"https:\/\/www.anudi.es\/index.php\/wp-json\/wp\/v2\/media\/1293"}],"wp:attachment":[{"href":"https:\/\/www.anudi.es\/index.php\/wp-json\/wp\/v2\/media?parent=1292"}],"wp:term":[{"taxonomy":"category","embeddable":true,"href":"https:\/\/www.anudi.es\/index.php\/wp-json\/wp\/v2\/categories?post=1292"},{"taxonomy":"post_tag","embeddable":true,"href":"https:\/\/www.anudi.es\/index.php\/wp-json\/wp\/v2\/tags?post=1292"}],"curies":[{"name":"wp","href":"https:\/\/api.w.org\/{rel}","templated":true}]}}